{"id":866,"date":"2025-06-20T18:57:30","date_gmt":"2025-06-20T22:57:30","guid":{"rendered":"https:\/\/bykusnews.com\/en\/?p=866"},"modified":"2025-06-20T18:57:30","modified_gmt":"2025-06-20T22:57:30","slug":"trump-sets-two-week-deadline-for-iran","status":"publish","type":"post","link":"https:\/\/bykusnews.com\/en\/trump-sets-two-week-deadline-for-iran\/","title":{"rendered":"Trump Sets Two-Week Deadline for Iran Deal as Tehran Demands Halt to Israeli Strikes"},"content":{"rendered":"<h2 style=\"text-align: center;\">Trump Issues Two-Week Ultimatum as Iran Rejects Talks Amid Israeli Attacks<\/h2>\n<figure id=\"attachment_864\" aria-describedby=\"caption-attachment-864\" style=\"width: 459px\" class=\"wp-caption aligncenter\"><img fetchpriority=\"high\" decoding=\"async\" class=\"wp-image-864 size-full\" src=\"https:\/\/bykusnews.com\/en\/wp-content\/uploads\/sites\/2\/2025\/06\/Iran.Israel.Trump_.jpg\" alt=\"\" width=\"459\" height=\"600\" srcset=\"https:\/\/bykusnews.com\/en\/wp-content\/uploads\/sites\/2\/2025\/06\/Iran.Israel.Trump_.jpg 459w, https:\/\/bykusnews.com\/en\/wp-content\/uploads\/sites\/2\/2025\/06\/Iran.Israel.Trump_-230x300.jpg 230w\" sizes=\"(max-width: 459px) 100vw, 459px\" \/><figcaption id=\"caption-attachment-864\" class=\"wp-caption-text\">US President Donald J. Trump<\/figcaption><\/figure>\n<p style=\"text-align: justify;\">Washington D.C. \u2013 The high-stakes standoff over US-Iran relations has reached a fever pitch, with President Donald Trump setting a &#8220;maximum&#8221; two-week deadline for a diplomatic resolution before he considers approving &#8220;aggressive action.&#8221; However, Iran has flatly rejected any negotiations while Israeli airstrikes continue, demanding a complete ceasefire as a precondition for returning to the table.<\/p>\n<h3 style=\"text-align: center;\">A Diplomatic Deadlock<\/h3>\n<p style=\"text-align: justify;\">The diplomatic impasse was made clear through sharply conflicting statements from both sides. Speaking to reporters in New Jersey, President Trump projected confidence, stating, &#8220;Iran doesn&#8217;t want to speak to Europe, they want to speak to us.&#8221; He dismissed European-led talks and suggested it would be &#8220;very difficult&#8221; to ask Israel to halt its military campaign while it appears to be &#8220;winning.&#8221; Trump framed his approach as &#8220;coercive diplomacy,&#8221; asserting that &#8220;sometimes you need some toughness to make peace.&#8221;<\/p>\n<figure id=\"attachment_863\" aria-describedby=\"caption-attachment-863\" style=\"width: 600px\" class=\"wp-caption aligncenter\"><img decoding=\"async\" class=\"wp-image-863 size-full\" src=\"https:\/\/bykusnews.com\/en\/wp-content\/uploads\/sites\/2\/2025\/06\/Iran.Israel.Abbas_.Araghchi.jpg\" alt=\"\" width=\"600\" height=\"400\" srcset=\"https:\/\/bykusnews.com\/en\/wp-content\/uploads\/sites\/2\/2025\/06\/Iran.Israel.Abbas_.Araghchi.jpg 600w, https:\/\/bykusnews.com\/en\/wp-content\/uploads\/sites\/2\/2025\/06\/Iran.Israel.Abbas_.Araghchi-300x200.jpg 300w\" sizes=\"(max-width: 600px) 100vw, 600px\" \/><figcaption id=\"caption-attachment-863\" class=\"wp-caption-text\">Iranian Foreign Minister Abbas Araghchi<\/figcaption><\/figure>\n<p style=\"text-align: justify;\">In stark contrast, Iranian Foreign Minister Abbas Araghchi declared from Geneva that there is &#8220;no room for negotiations with the U.S. until Israeli aggression stops.&#8221; Iranian officials claimed they were preparing a &#8220;very promising&#8221; proposal for the U.S. just before a major Israeli attack on June 13, which they say sabotaged the diplomatic track. This fundamental disagreement on the conditions for talks has paralyzed efforts to de-escalate the crisis in US-Iran relations.<\/p>\n<h3 style=\"text-align: center;\">Escalating Conflict and Global Alarm<\/h3>\n<p style=\"text-align: justify;\">While diplomats are at a standstill, the military conflict continues to rage. For over a week, Israel has conducted airstrikes on Iranian targets, including missile facilities, while Iran has fired volleys of missiles toward Israel. The human cost is rising, with hundreds reported killed.<\/p>\n<p style=\"text-align: justify;\">The escalating violence has sparked international alarm. Russian President Vladimir Putin expressed grave concern that the conflict could spiral into a &#8220;World War Three&#8221; and warned of the catastrophic risk of attacks near nuclear facilities. The head of the UN nuclear watchdog, Rafael Grossi, and UN Secretary-General Antonio Guterres have also issued urgent calls for de-escalation, warning the conflict could &#8220;ignite a fire no one can control.&#8221; The state of US-Iran relations is now a primary focus of global security concerns.<\/p>\n<p style=\"text-align: justify;\">The world now watches as Trump&#8217;s two-week clock ticks down. The administration&#8217;s tough stance is a high-risk gamble, intended to force concessions. However, with Iran refusing to negotiate under fire, the path to a diplomatic solution for US-Iran relations appears narrower than ever, raising fears that the region is sliding closer to a wider, more devastating war.<\/p>\n","protected":false},"excerpt":{"rendered":"<p>Trump Issues Two-Week Ultimatum as Iran Rejects Talks Amid Israeli Attacks Washington D.C. \u2013 The high-stakes standoff over US-Iran relations has reached a fever pitch, with President Donald Trump setting a &#8220;maximum&#8221; two-week deadline for a diplomatic resolution before he considers approving &#8220;aggressive action.&#8221; However, Iran has flatly rejected any negotiations while Israeli airstrikes continue, [&hellip;]<\/p>\n","protected":false},"author":1,"featured_media":865,"comment_status":"open","ping_status":"open","sticky":false,"template":"elementor_theme","format":"standard","meta":{"jnews-multi-image_gallery":[],"jnews_single_post":{"format":"standard","override":[{"template":"1","parallax":"1","fullscreen":"1","layout":"right-sidebar","sidebar":"default-sidebar","second_sidebar":"default-sidebar","sticky_sidebar":"1","share_position":"bottom","share_float_style":"share-monocrhome","show_share_counter":"1","show_view_counter":"1","show_featured":"1","show_post_meta":"1","show_post_author":"1","show_post_author_image":"1","show_post_date":"1","post_date_format":"default","post_date_format_custom":"Y\/m\/d","show_post_category":"1","show_post_reading_time":"1","post_reading_time_wpm":"300","post_calculate_word_method":"str_word_count","show_zoom_button":"1","zoom_button_out_step":"2","zoom_button_in_step":"3","show_post_tag":"1","number_popup_post":"1","show_author_box":"1","show_post_related":"0","show_inline_post_related":"0"}],"image_override":[{"single_post_thumbnail_size":"crop-500","single_post_gallery_size":"crop-500"}],"trending_post_position":"meta","trending_post_label":"Trending","sponsored_post_label":"Sponsored by","disable_ad":"0","override_template":"1","subtitle":""},"jnews_primary_category":{"id":"55","hide":"51"},"jnews_social_meta":{"fb_title":"Trump Sets Two-Week Deadline for Iran Deal as Tehran Demands Halt to Israeli Strikes","fb_image":"865","twitter_title":"Trump Sets Two-Week Deadline for Iran Deal as Tehran Demands Halt to Israeli Strikes","twitter_image":"865"},"jnews_review":[],"enable_review":"","type":"percentage","name":"","summary":"","brand":"","sku":"","good":[],"bad":[],"score_override":"","override_value":"","rating":[],"price":[],"jnews_override_counter":{"view_counter_number":"0","share_counter_number":"0","like_counter_number":"0","dislike_counter_number":"0"},"jnews_post_split":{"post_split":[{"template":"1","tag":"h2","numbering":"asc","mode":"normal","first":"0","enable_toc":"0","toc_type":"normal"}]},"footnotes":""},"categories":[55],"tags":[403,402,401,365,398,399,400,397],"class_list":["post-866","post","type-post","status-publish","format-standard","has-post-thumbnail","hentry","category-world","tag-abbas-araghchi","tag-ceasefire","tag-coercive-diplomacy","tag-donald-trump","tag-israel-iran-conflict","tag-middle-east-crisis","tag-nuclear-diplomacy","tag-us-iran-relations"],"yoast_head":"<!-- This site is optimized with the Yoast SEO plugin v26.6 - https:\/\/yoast.com\/wordpress\/plugins\/seo\/ -->\n<title>Trump Sets Two-Week Deadline for Iran Deal as Tehran Demands Halt to Israeli Strikes - ByKusNews<\/title>\n<meta name=\"description\" content=\"Trump Sets Two-Week Deadline for Iran Deal as Tehran Demands Halt to Israeli Strikes\" \/>\n<meta name=\"robots\" content=\"index, follow, max-snippet:-1, max-image-preview:large, max-video-preview:-1\" \/>\n<link rel=\"canonical\" href=\"https:\/\/bykusnews.com\/en\/trump-sets-two-week-deadline-for-iran\/\" \/>\n<meta property=\"og:locale\" content=\"en_US\" \/>\n<meta property=\"og:type\" content=\"article\" \/>\n<meta property=\"og:title\" content=\"Trump Sets Two-Week Deadline for Iran Deal as Tehran Demands Halt to Israeli Strikes - ByKusNews\" \/>\n<meta property=\"og:description\" content=\"Trump Sets Two-Week Deadline for Iran Deal as Tehran Demands Halt to Israeli Strikes\" \/>\n<meta property=\"og:url\" content=\"https:\/\/bykusnews.com\/en\/trump-sets-two-week-deadline-for-iran\/\" \/>\n<meta property=\"og:site_name\" content=\"ByKusNews\" \/>\n<meta property=\"article:published_time\" content=\"2025-06-20T22:57:30+00:00\" \/>\n<meta property=\"og:image\" content=\"https:\/\/bykusnews.com\/en\/wp-content\/uploads\/sites\/2\/2025\/06\/Iran-Israel.Cover_.jpg\" \/>\n\t<meta property=\"og:image:width\" content=\"600\" \/>\n\t<meta property=\"og:image:height\" content=\"393\" \/>\n\t<meta property=\"og:image:type\" content=\"image\/jpeg\" \/>\n<meta name=\"author\" content=\"Dr. G\u00f6kmen G\u00fcnay\" \/>\n<meta name=\"twitter:card\" content=\"summary_large_image\" \/>\n<meta name=\"twitter:label1\" content=\"Written by\" \/>\n\t<meta name=\"twitter:data1\" content=\"Dr. G\u00f6kmen G\u00fcnay\" \/>\n\t<meta name=\"twitter:label2\" content=\"Est. reading time\" \/>\n\t<meta name=\"twitter:data2\" content=\"3 minutes\" \/>\n<script type=\"application\/ld+json\" class=\"yoast-schema-graph\">{\"@context\":\"https:\/\/schema.org\",\"@graph\":[{\"@type\":\"WebPage\",\"@id\":\"https:\/\/bykusnews.com\/en\/trump-sets-two-week-deadline-for-iran\/\",\"url\":\"https:\/\/bykusnews.com\/en\/trump-sets-two-week-deadline-for-iran\/\",\"name\":\"Trump Sets Two-Week Deadline for Iran Deal as Tehran Demands Halt to Israeli Strikes - ByKusNews\",\"isPartOf\":{\"@id\":\"https:\/\/bykusnews.com\/en\/#website\"},\"primaryImageOfPage\":{\"@id\":\"https:\/\/bykusnews.com\/en\/trump-sets-two-week-deadline-for-iran\/#primaryimage\"},\"image\":{\"@id\":\"https:\/\/bykusnews.com\/en\/trump-sets-two-week-deadline-for-iran\/#primaryimage\"},\"thumbnailUrl\":\"https:\/\/bykusnews.com\/en\/wp-content\/uploads\/sites\/2\/2025\/06\/Iran-Israel.Cover_.jpg\",\"datePublished\":\"2025-06-20T22:57:30+00:00\",\"author\":{\"@id\":\"https:\/\/bykusnews.com\/en\/#\/schema\/person\/a833001fbaf834e24ebf72202f7f1d27\"},\"description\":\"Trump Sets Two-Week Deadline for Iran Deal as Tehran Demands Halt to Israeli Strikes\",\"breadcrumb\":{\"@id\":\"https:\/\/bykusnews.com\/en\/trump-sets-two-week-deadline-for-iran\/#breadcrumb\"},\"inLanguage\":\"en-US\",\"potentialAction\":[{\"@type\":\"ReadAction\",\"target\":[\"https:\/\/bykusnews.com\/en\/trump-sets-two-week-deadline-for-iran\/\"]}]},{\"@type\":\"ImageObject\",\"inLanguage\":\"en-US\",\"@id\":\"https:\/\/bykusnews.com\/en\/trump-sets-two-week-deadline-for-iran\/#primaryimage\",\"url\":\"https:\/\/bykusnews.com\/en\/wp-content\/uploads\/sites\/2\/2025\/06\/Iran-Israel.Cover_.jpg\",\"contentUrl\":\"https:\/\/bykusnews.com\/en\/wp-content\/uploads\/sites\/2\/2025\/06\/Iran-Israel.Cover_.jpg\",\"width\":600,\"height\":393},{\"@type\":\"BreadcrumbList\",\"@id\":\"https:\/\/bykusnews.com\/en\/trump-sets-two-week-deadline-for-iran\/#breadcrumb\",\"itemListElement\":[{\"@type\":\"ListItem\",\"position\":1,\"name\":\"Anasayfa\",\"item\":\"https:\/\/bykusnews.com\/en\/\"},{\"@type\":\"ListItem\",\"position\":2,\"name\":\"Trump Sets Two-Week Deadline for Iran Deal as Tehran Demands Halt to Israeli Strikes\"}]},{\"@type\":\"WebSite\",\"@id\":\"https:\/\/bykusnews.com\/en\/#website\",\"url\":\"https:\/\/bykusnews.com\/en\/\",\"name\":\"ByKusNews\",\"description\":\"History, Philosophy &amp; News Blog\",\"potentialAction\":[{\"@type\":\"SearchAction\",\"target\":{\"@type\":\"EntryPoint\",\"urlTemplate\":\"https:\/\/bykusnews.com\/en\/?s={search_term_string}\"},\"query-input\":{\"@type\":\"PropertyValueSpecification\",\"valueRequired\":true,\"valueName\":\"search_term_string\"}}],\"inLanguage\":\"en-US\"},{\"@type\":\"Person\",\"@id\":\"https:\/\/bykusnews.com\/en\/#\/schema\/person\/a833001fbaf834e24ebf72202f7f1d27\",\"name\":\"Dr. G\u00f6kmen G\u00fcnay\",\"image\":{\"@type\":\"ImageObject\",\"inLanguage\":\"en-US\",\"@id\":\"https:\/\/bykusnews.com\/en\/#\/schema\/person\/image\/\",\"url\":\"https:\/\/secure.gravatar.com\/avatar\/f18c9569fde31c45d3ea2c3604c7e062d676309c081348ccf0a83a896ca0f2be?s=96&d=mm&r=g\",\"contentUrl\":\"https:\/\/secure.gravatar.com\/avatar\/f18c9569fde31c45d3ea2c3604c7e062d676309c081348ccf0a83a896ca0f2be?s=96&d=mm&r=g\",\"caption\":\"Dr. G\u00f6kmen G\u00fcnay\"},\"url\":\"https:\/\/bykusnews.com\/en\/author\/bykusnewstr\/\"}]}<\/script>\n<!-- \/ Yoast SEO plugin. -->","yoast_head_json":{"title":"Trump Sets Two-Week Deadline for Iran Deal as Tehran Demands Halt to Israeli Strikes - ByKusNews","description":"Trump Sets Two-Week Deadline for Iran Deal as Tehran Demands Halt to Israeli Strikes","robots":{"index":"index","follow":"follow","max-snippet":"max-snippet:-1","max-image-preview":"max-image-preview:large","max-video-preview":"max-video-preview:-1"},"canonical":"https:\/\/bykusnews.com\/en\/trump-sets-two-week-deadline-for-iran\/","og_locale":"en_US","og_type":"article","og_title":"Trump Sets Two-Week Deadline for Iran Deal as Tehran Demands Halt to Israeli Strikes - ByKusNews","og_description":"Trump Sets Two-Week Deadline for Iran Deal as Tehran Demands Halt to Israeli Strikes","og_url":"https:\/\/bykusnews.com\/en\/trump-sets-two-week-deadline-for-iran\/","og_site_name":"ByKusNews","article_published_time":"2025-06-20T22:57:30+00:00","og_image":[{"width":600,"height":393,"url":"https:\/\/bykusnews.com\/en\/wp-content\/uploads\/sites\/2\/2025\/06\/Iran-Israel.Cover_.jpg","type":"image\/jpeg"}],"author":"Dr. G\u00f6kmen G\u00fcnay","twitter_card":"summary_large_image","twitter_misc":{"Written by":"Dr. G\u00f6kmen G\u00fcnay","Est. reading time":"3 minutes"},"schema":{"@context":"https:\/\/schema.org","@graph":[{"@type":"WebPage","@id":"https:\/\/bykusnews.com\/en\/trump-sets-two-week-deadline-for-iran\/","url":"https:\/\/bykusnews.com\/en\/trump-sets-two-week-deadline-for-iran\/","name":"Trump Sets Two-Week Deadline for Iran Deal as Tehran Demands Halt to Israeli Strikes - ByKusNews","isPartOf":{"@id":"https:\/\/bykusnews.com\/en\/#website"},"primaryImageOfPage":{"@id":"https:\/\/bykusnews.com\/en\/trump-sets-two-week-deadline-for-iran\/#primaryimage"},"image":{"@id":"https:\/\/bykusnews.com\/en\/trump-sets-two-week-deadline-for-iran\/#primaryimage"},"thumbnailUrl":"https:\/\/bykusnews.com\/en\/wp-content\/uploads\/sites\/2\/2025\/06\/Iran-Israel.Cover_.jpg","datePublished":"2025-06-20T22:57:30+00:00","author":{"@id":"https:\/\/bykusnews.com\/en\/#\/schema\/person\/a833001fbaf834e24ebf72202f7f1d27"},"description":"Trump Sets Two-Week Deadline for Iran Deal as Tehran Demands Halt to Israeli Strikes","breadcrumb":{"@id":"https:\/\/bykusnews.com\/en\/trump-sets-two-week-deadline-for-iran\/#breadcrumb"},"inLanguage":"en-US","potentialAction":[{"@type":"ReadAction","target":["https:\/\/bykusnews.com\/en\/trump-sets-two-week-deadline-for-iran\/"]}]},{"@type":"ImageObject","inLanguage":"en-US","@id":"https:\/\/bykusnews.com\/en\/trump-sets-two-week-deadline-for-iran\/#primaryimage","url":"https:\/\/bykusnews.com\/en\/wp-content\/uploads\/sites\/2\/2025\/06\/Iran-Israel.Cover_.jpg","contentUrl":"https:\/\/bykusnews.com\/en\/wp-content\/uploads\/sites\/2\/2025\/06\/Iran-Israel.Cover_.jpg","width":600,"height":393},{"@type":"BreadcrumbList","@id":"https:\/\/bykusnews.com\/en\/trump-sets-two-week-deadline-for-iran\/#breadcrumb","itemListElement":[{"@type":"ListItem","position":1,"name":"Anasayfa","item":"https:\/\/bykusnews.com\/en\/"},{"@type":"ListItem","position":2,"name":"Trump Sets Two-Week Deadline for Iran Deal as Tehran Demands Halt to Israeli Strikes"}]},{"@type":"WebSite","@id":"https:\/\/bykusnews.com\/en\/#website","url":"https:\/\/bykusnews.com\/en\/","name":"ByKusNews","description":"History, Philosophy &amp; News Blog","potentialAction":[{"@type":"SearchAction","target":{"@type":"EntryPoint","urlTemplate":"https:\/\/bykusnews.com\/en\/?s={search_term_string}"},"query-input":{"@type":"PropertyValueSpecification","valueRequired":true,"valueName":"search_term_string"}}],"inLanguage":"en-US"},{"@type":"Person","@id":"https:\/\/bykusnews.com\/en\/#\/schema\/person\/a833001fbaf834e24ebf72202f7f1d27","name":"Dr. G\u00f6kmen G\u00fcnay","image":{"@type":"ImageObject","inLanguage":"en-US","@id":"https:\/\/bykusnews.com\/en\/#\/schema\/person\/image\/","url":"https:\/\/secure.gravatar.com\/avatar\/f18c9569fde31c45d3ea2c3604c7e062d676309c081348ccf0a83a896ca0f2be?s=96&d=mm&r=g","contentUrl":"https:\/\/secure.gravatar.com\/avatar\/f18c9569fde31c45d3ea2c3604c7e062d676309c081348ccf0a83a896ca0f2be?s=96&d=mm&r=g","caption":"Dr. G\u00f6kmen G\u00fcnay"},"url":"https:\/\/bykusnews.com\/en\/author\/bykusnewstr\/"}]}},"views":171,"_links":{"self":[{"href":"https:\/\/bykusnews.com\/en\/wp-json\/wp\/v2\/posts\/866","targetHints":{"allow":["GET"]}}],"collection":[{"href":"https:\/\/bykusnews.com\/en\/wp-json\/wp\/v2\/posts"}],"about":[{"href":"https:\/\/bykusnews.com\/en\/wp-json\/wp\/v2\/types\/post"}],"author":[{"embeddable":true,"href":"https:\/\/bykusnews.com\/en\/wp-json\/wp\/v2\/users\/1"}],"replies":[{"embeddable":true,"href":"https:\/\/bykusnews.com\/en\/wp-json\/wp\/v2\/comments?post=866"}],"version-history":[{"count":1,"href":"https:\/\/bykusnews.com\/en\/wp-json\/wp\/v2\/posts\/866\/revisions"}],"predecessor-version":[{"id":867,"href":"https:\/\/bykusnews.com\/en\/wp-json\/wp\/v2\/posts\/866\/revisions\/867"}],"wp:featuredmedia":[{"embeddable":true,"href":"https:\/\/bykusnews.com\/en\/wp-json\/wp\/v2\/media\/865"}],"wp:attachment":[{"href":"https:\/\/bykusnews.com\/en\/wp-json\/wp\/v2\/media?parent=866"}],"wp:term":[{"taxonomy":"category","embeddable":true,"href":"https:\/\/bykusnews.com\/en\/wp-json\/wp\/v2\/categories?post=866"},{"taxonomy":"post_tag","embeddable":true,"href":"https:\/\/bykusnews.com\/en\/wp-json\/wp\/v2\/tags?post=866"}],"curies":[{"name":"wp","href":"https:\/\/api.w.org\/{rel}","templated":true}]}}