{"id":694,"date":"2025-02-01T16:07:40","date_gmt":"2025-02-01T21:07:40","guid":{"rendered":"https:\/\/bykusnews.com\/en\/?p=694"},"modified":"2025-08-28T07:18:24","modified_gmt":"2025-08-28T11:18:24","slug":"saint-brigid-of-kildare","status":"publish","type":"post","link":"https:\/\/bykusnews.com\/en\/saint-brigid-of-kildare\/","title":{"rendered":"\ud83c\udf40 Saint Brigid of Kildare"},"content":{"rendered":"<h2 style=\"text-align: center;\"><strong> Introduction<\/strong><\/h2>\n<p style=\"text-align: justify;\">As winter&#8217;s grip begins to loosen and the first whispers of spring fill the air, Ireland celebrates one of its most cherished spiritual figures. Today, February 1st, marks the feast day of Saint Brigid of Kildare (c. 451-525 CE), a remarkable woman whose legacy continues to inspire and illuminate our modern world.<\/p>\n<h2 style=\"text-align: center;\"><strong> A Bridge Between Two Worlds<\/strong> \u2728<\/h2>\n<figure id=\"attachment_689\" aria-describedby=\"caption-attachment-689\" style=\"width: 450px\" class=\"wp-caption aligncenter\"><img fetchpriority=\"high\" decoding=\"async\" class=\"wp-image-689\" src=\"https:\/\/bykusnews.com\/en\/wp-content\/uploads\/sites\/2\/2025\/02\/2.-A-Bridge-Between-Two-Worlds.jpg\" alt=\"\" width=\"450\" height=\"380\" srcset=\"https:\/\/bykusnews.com\/en\/wp-content\/uploads\/sites\/2\/2025\/02\/2.-A-Bridge-Between-Two-Worlds.jpg 909w, https:\/\/bykusnews.com\/en\/wp-content\/uploads\/sites\/2\/2025\/02\/2.-A-Bridge-Between-Two-Worlds-300x253.jpg 300w, https:\/\/bykusnews.com\/en\/wp-content\/uploads\/sites\/2\/2025\/02\/2.-A-Bridge-Between-Two-Worlds-768x649.jpg 768w, https:\/\/bykusnews.com\/en\/wp-content\/uploads\/sites\/2\/2025\/02\/2.-A-Bridge-Between-Two-Worlds-750x634.jpg 750w\" sizes=\"(max-width: 450px) 100vw, 450px\" \/><figcaption id=\"caption-attachment-689\" class=\"wp-caption-text\">St Brigid being carried away by angels, in a painting by John Duncan (1913)<\/figcaption><\/figure>\n<p style=\"text-align: justify;\">Born at the crossroads of two traditions, Saint Brigid\u2019s life story reads like a beautiful tapestry woven with threads of both pagan and Christian heritage. As the daughter of Dubhthach, a pagan chieftain, and Brocca, a Christian slave, she embodied the harmonious transition of Ireland from its ancient Celtic traditions to Christian faith. Her birth date coinciding with Imbolc, the Celtic festival of spring\u2019s awakening, seems almost prophetic of her future role in bridging these two spiritual worlds.<\/p>\n<h3 style=\"text-align: center;\"><strong>The Making of a Saint<\/strong> \ud83d\udd4a\ufe0f<\/h3>\n<figure id=\"attachment_690\" aria-describedby=\"caption-attachment-690\" style=\"width: 512px\" class=\"wp-caption aligncenter\"><img decoding=\"async\" class=\"wp-image-690\" src=\"https:\/\/bykusnews.com\/en\/wp-content\/uploads\/sites\/2\/2025\/02\/2.1.-The-Making-of-a-Saint.jpg\" alt=\"\" width=\"512\" height=\"361\" srcset=\"https:\/\/bykusnews.com\/en\/wp-content\/uploads\/sites\/2\/2025\/02\/2.1.-The-Making-of-a-Saint.jpg 1024w, https:\/\/bykusnews.com\/en\/wp-content\/uploads\/sites\/2\/2025\/02\/2.1.-The-Making-of-a-Saint-300x212.jpg 300w, https:\/\/bykusnews.com\/en\/wp-content\/uploads\/sites\/2\/2025\/02\/2.1.-The-Making-of-a-Saint-768x542.jpg 768w, https:\/\/bykusnews.com\/en\/wp-content\/uploads\/sites\/2\/2025\/02\/2.1.-The-Making-of-a-Saint-120x86.jpg 120w, https:\/\/bykusnews.com\/en\/wp-content\/uploads\/sites\/2\/2025\/02\/2.1.-The-Making-of-a-Saint-750x529.jpg 750w\" sizes=\"(max-width: 512px) 100vw, 512px\" \/><figcaption id=\"caption-attachment-690\" class=\"wp-caption-text\">Kildare Cathedral<\/figcaption><\/figure>\n<p style=\"text-align: justify;\">Young Brigid&#8217;s path to sainthood began with a profound act of defiance &#8211; refusing an arranged marriage to follow her spiritual calling. After receiving the veil from Saint Mel of Ardagh, she established the monastery of Kildare around 480 CE, pioneering a revolutionary concept: a double monastery housing both nuns and monks. This center of learning soon became famous for its exquisite illuminated manuscripts and masterful metalwork.<\/p>\n<h3 style=\"text-align: center;\"><strong>Miracles and Sacred Traditions<\/strong> \ud83c\udf1f<\/h3>\n<p style=\"text-align: justify;\">The tales of Saint Brigid\u2019s miracles paint a ort he of a woman whose compassion knew no bounds. From multiplying food ort he hungry to healing the sick, her acts of kindness became legendary. Perhaps most famously, she was known for converting water into beer for laborers \u2013 a miracle that has endeared her to generations of Irish people!<\/p>\n<h3 style=\"text-align: center;\"><strong>The Brigid&#8217;s Cross: A Symbol of Protection<\/strong><\/h3>\n<figure id=\"attachment_691\" aria-describedby=\"caption-attachment-691\" style=\"width: 400px\" class=\"wp-caption aligncenter\"><img decoding=\"async\" class=\"wp-image-691\" src=\"https:\/\/bykusnews.com\/en\/wp-content\/uploads\/sites\/2\/2025\/02\/2.3.-The-Brigids-Cross.jpg\" alt=\"\" width=\"400\" height=\"388\" srcset=\"https:\/\/bykusnews.com\/en\/wp-content\/uploads\/sites\/2\/2025\/02\/2.3.-The-Brigids-Cross.jpg 791w, https:\/\/bykusnews.com\/en\/wp-content\/uploads\/sites\/2\/2025\/02\/2.3.-The-Brigids-Cross-300x291.jpg 300w, https:\/\/bykusnews.com\/en\/wp-content\/uploads\/sites\/2\/2025\/02\/2.3.-The-Brigids-Cross-768x746.jpg 768w, https:\/\/bykusnews.com\/en\/wp-content\/uploads\/sites\/2\/2025\/02\/2.3.-The-Brigids-Cross-750x728.jpg 750w\" sizes=\"(max-width: 400px) 100vw, 400px\" \/><figcaption id=\"caption-attachment-691\" class=\"wp-caption-text\">Cros\u00f3g Bhr\u00edde<\/figcaption><\/figure>\n<p style=\"text-align: justify;\">One of her most enduring legacies is the Brigid&#8217;s Cross, a distinctive symbol crafted from rushes or straw. Legend tells us she created the first while explaining Christianity to a dying pagan chieftain. These crosses still adorn Irish homes today, serving as protective talismans against fire and evil.<\/p>\n<h2 style=\"text-align: center;\"><strong> A Modern Saint for Modern Times<\/strong> \ud83c\udf0d<\/h2>\n<figure id=\"attachment_692\" aria-describedby=\"caption-attachment-692\" style=\"width: 400px\" class=\"wp-caption aligncenter\"><img loading=\"lazy\" decoding=\"async\" class=\"wp-image-692\" src=\"https:\/\/bykusnews.com\/en\/wp-content\/uploads\/sites\/2\/2025\/02\/3.-A-Modern-Saint.jpg\" alt=\"\" width=\"400\" height=\"465\" srcset=\"https:\/\/bykusnews.com\/en\/wp-content\/uploads\/sites\/2\/2025\/02\/3.-A-Modern-Saint.jpg 722w, https:\/\/bykusnews.com\/en\/wp-content\/uploads\/sites\/2\/2025\/02\/3.-A-Modern-Saint-258x300.jpg 258w\" sizes=\"(max-width: 400px) 100vw, 400px\" \/><figcaption id=\"caption-attachment-692\" class=\"wp-caption-text\">A 16th-century fresco by Lorenzo Lotto in the Suardi Chapel showing Brigid turning water into beer (left) and healing a blind man (right)<\/figcaption><\/figure>\n<p style=\"text-align: justify;\">In 2023, Ireland took a historic step by declaring February 1st a national holiday &#8211; the first Irish public holiday named after a woman. This recognition speaks volumes about Saint Brigid&#8217;s continued relevance in our contemporary world. Her values of environmental stewardship, women&#8217;s leadership, and care for the poor resonate deeply with modern concerns and aspirations.<\/p>\n<h3 style=\"text-align: center;\"><strong>Celebrating Saint Brigid Today<\/strong> \ud83c\udf89<\/h3>\n<p style=\"text-align: justify;\">From crafting traditional crosses to visiting holy wells, communities across Ireland and beyond continue to honor Saint Brigid&#8217;s memory through various customs and celebrations. Her feast day marks not just a religious observance but a celebration of Irish heritage, feminine wisdom, and the eternal cycle of nature&#8217;s renewal.<\/p>\n<h3 style=\"text-align: center;\"><strong>A Living Legacy<\/strong> \ud83d\udcda<\/h3>\n<figure id=\"attachment_693\" aria-describedby=\"caption-attachment-693\" style=\"width: 300px\" class=\"wp-caption aligncenter\"><img loading=\"lazy\" decoding=\"async\" class=\"wp-image-693\" src=\"https:\/\/bykusnews.com\/en\/wp-content\/uploads\/sites\/2\/2025\/02\/3.2.-A-Living-Legacy.jpg\" alt=\"\" width=\"300\" height=\"400\" srcset=\"https:\/\/bykusnews.com\/en\/wp-content\/uploads\/sites\/2\/2025\/02\/3.2.-A-Living-Legacy.jpg 576w, https:\/\/bykusnews.com\/en\/wp-content\/uploads\/sites\/2\/2025\/02\/3.2.-A-Living-Legacy-225x300.jpg 225w\" sizes=\"(max-width: 300px) 100vw, 300px\" \/><figcaption id=\"caption-attachment-693\" class=\"wp-caption-text\">A reliquary of Saint Brigid in Old Saint Peter&#8217;s Church, Strasbourg<\/figcaption><\/figure>\n<p style=\"text-align: justify;\">Today, countless educational institutions worldwide bear her name, carrying forward her commitment to learning and spiritual growth. Her influence extends far beyond classroom walls, inspiring movements in feminist theology, eco-spirituality, and interfaith dialogue.<\/p>\n<p style=\"text-align: justify;\">As we celebrate Saint Brigid&#8217;s feast day, let us remember her as more than just a historical figure. She represents the timeless qualities of compassion, wisdom, and the harmonious integration of faith and culture. In her honor, we share the traditional blessing:<\/p>\n<p style=\"text-align: justify;\">&#8220;Brat Bride ort&#8221; &#8211; &#8220;The mantle of Brigid be upon you.&#8221; \ud83d\ude4f<\/p>\n","protected":false},"excerpt":{"rendered":"<p>Introduction As winter&#8217;s grip begins to loosen and the first whispers of spring fill the air, Ireland celebrates one of its most cherished spiritual figures. Today, February 1st, marks the feast day of Saint Brigid of Kildare (c. 451-525 CE), a remarkable woman whose legacy continues to inspire and illuminate our modern world. A Bridge [&hellip;]<\/p>\n","protected":false},"author":1,"featured_media":688,"comment_status":"open","ping_status":"open","sticky":false,"template":"","format":"standard","meta":{"jnews-multi-image_gallery":[],"jnews_single_post":{"format":"standard","override":[{"template":"1","parallax":"1","fullscreen":"1","layout":"right-sidebar","sidebar":"default-sidebar","second_sidebar":"default-sidebar","sticky_sidebar":"1","share_position":"bottom","share_float_style":"share-monocrhome","show_share_counter":"1","show_view_counter":"1","show_featured":"1","show_post_meta":"1","show_post_author":"1","show_post_author_image":"1","show_post_date":"1","post_date_format":"default","post_date_format_custom":"Y\/m\/d","show_post_category":"1","show_post_reading_time":"1","post_reading_time_wpm":"300","post_calculate_word_method":"str_word_count","show_zoom_button":"1","zoom_button_out_step":"2","zoom_button_in_step":"3","show_post_tag":"1","number_popup_post":"1","show_author_box":"1","show_post_related":"0","show_inline_post_related":"0"}],"image_override":[{"single_post_thumbnail_size":"crop-500","single_post_gallery_size":"crop-500"}],"trending_post_position":"meta","trending_post_label":"Trending","sponsored_post_label":"Sponsored by","disable_ad":"0","subtitle":"Ireland's Beloved Patron Saint and Bearer of Spring's Light","override_template":"1"},"jnews_primary_category":{"id":"49","hide":"43"},"jnews_social_meta":{"fb_title":"\ud83c\udf40 Saint Brigid of Kildare: Ireland's Beloved Patron Saint and Bearer of Spring's Light","twitter_title":"\ud83c\udf40 Saint Brigid of Kildare: Ireland's Beloved Patron Saint and Bearer of Spring's Light","fb_description":"Explore the life of Saint Brigid of Kildare, Ireland's beloved patron saint who bridged Celtic and Christian traditions through miracles, wisdom, and compassion","fb_image":"688","twitter_description":"Explore the life of Saint Brigid of Kildare, Ireland's beloved patron saint who bridged Celtic and Christian traditions through miracles, wisdom, and compassion","twitter_image":"688"},"jnews_review":[],"enable_review":"","type":"percentage","name":"","summary":"","brand":"","sku":"","good":[],"bad":[],"score_override":"","override_value":"","rating":[],"price":[],"jnews_override_counter":{"view_counter_number":"0","share_counter_number":"0","like_counter_number":"0","dislike_counter_number":"0"},"jnews_post_split":{"post_split":[{"template":"1","tag":"h2","numbering":"asc","mode":"normal","first":"0","enable_toc":"0","toc_type":"normal"}]},"footnotes":""},"categories":[49],"tags":[233,230,232,229,231,122,228],"class_list":["post-694","post","type-post","status-publish","format-standard","has-post-thumbnail","hentry","category-who-is","tag-catholic-traditions","tag-celtic-christianity","tag-irish-culture","tag-irish-saints","tag-kildare","tag-religious-history","tag-saint-brigid"],"yoast_head":"<!-- This site is optimized with the Yoast SEO plugin v26.6 - https:\/\/yoast.com\/wordpress\/plugins\/seo\/ -->\n<title>\ud83c\udf40 Saint Brigid of Kildare - ByKusNews<\/title>\n<meta name=\"description\" content=\"Explore the life of Saint Brigid of Kildare, Ireland&#039;s beloved patron saint who bridged Celtic and Christian traditions through miracles, wisdom, and compassion.\" \/>\n<meta name=\"robots\" content=\"index, follow, max-snippet:-1, max-image-preview:large, max-video-preview:-1\" \/>\n<link rel=\"canonical\" href=\"https:\/\/bykusnews.com\/en\/saint-brigid-of-kildare\/\" \/>\n<meta property=\"og:locale\" content=\"en_US\" \/>\n<meta property=\"og:type\" content=\"article\" \/>\n<meta property=\"og:title\" content=\"\ud83c\udf40 Saint Brigid of Kildare - ByKusNews\" \/>\n<meta property=\"og:description\" content=\"Explore the life of Saint Brigid of Kildare, Ireland&#039;s beloved patron saint who bridged Celtic and Christian traditions through miracles, wisdom, and compassion.\" \/>\n<meta property=\"og:url\" content=\"https:\/\/bykusnews.com\/en\/saint-brigid-of-kildare\/\" \/>\n<meta property=\"og:site_name\" content=\"ByKusNews\" \/>\n<meta property=\"article:published_time\" content=\"2025-02-01T21:07:40+00:00\" \/>\n<meta property=\"article:modified_time\" content=\"2025-08-28T11:18:24+00:00\" \/>\n<meta property=\"og:image\" content=\"https:\/\/bykusnews.com\/en\/wp-content\/uploads\/sites\/2\/2025\/02\/0.-Cover.jpg\" \/>\n\t<meta property=\"og:image:width\" content=\"700\" \/>\n\t<meta property=\"og:image:height\" content=\"400\" \/>\n\t<meta property=\"og:image:type\" content=\"image\/jpeg\" \/>\n<meta name=\"author\" content=\"Dr. G\u00f6kmen G\u00fcnay\" \/>\n<meta name=\"twitter:card\" content=\"summary_large_image\" \/>\n<meta name=\"twitter:label1\" content=\"Written by\" \/>\n\t<meta name=\"twitter:data1\" content=\"Dr. G\u00f6kmen G\u00fcnay\" \/>\n\t<meta name=\"twitter:label2\" content=\"Est. reading time\" \/>\n\t<meta name=\"twitter:data2\" content=\"4 minutes\" \/>\n<script type=\"application\/ld+json\" class=\"yoast-schema-graph\">{\"@context\":\"https:\/\/schema.org\",\"@graph\":[{\"@type\":\"WebPage\",\"@id\":\"https:\/\/bykusnews.com\/en\/saint-brigid-of-kildare\/\",\"url\":\"https:\/\/bykusnews.com\/en\/saint-brigid-of-kildare\/\",\"name\":\"\ud83c\udf40 Saint Brigid of Kildare - ByKusNews\",\"isPartOf\":{\"@id\":\"https:\/\/bykusnews.com\/en\/#website\"},\"primaryImageOfPage\":{\"@id\":\"https:\/\/bykusnews.com\/en\/saint-brigid-of-kildare\/#primaryimage\"},\"image\":{\"@id\":\"https:\/\/bykusnews.com\/en\/saint-brigid-of-kildare\/#primaryimage\"},\"thumbnailUrl\":\"https:\/\/bykusnews.com\/en\/wp-content\/uploads\/sites\/2\/2025\/02\/0.-Cover.jpg\",\"datePublished\":\"2025-02-01T21:07:40+00:00\",\"dateModified\":\"2025-08-28T11:18:24+00:00\",\"author\":{\"@id\":\"https:\/\/bykusnews.com\/en\/#\/schema\/person\/a833001fbaf834e24ebf72202f7f1d27\"},\"description\":\"Explore the life of Saint Brigid of Kildare, Ireland's beloved patron saint who bridged Celtic and Christian traditions through miracles, wisdom, and compassion.\",\"breadcrumb\":{\"@id\":\"https:\/\/bykusnews.com\/en\/saint-brigid-of-kildare\/#breadcrumb\"},\"inLanguage\":\"en-US\",\"potentialAction\":[{\"@type\":\"ReadAction\",\"target\":[\"https:\/\/bykusnews.com\/en\/saint-brigid-of-kildare\/\"]}]},{\"@type\":\"ImageObject\",\"inLanguage\":\"en-US\",\"@id\":\"https:\/\/bykusnews.com\/en\/saint-brigid-of-kildare\/#primaryimage\",\"url\":\"https:\/\/bykusnews.com\/en\/wp-content\/uploads\/sites\/2\/2025\/02\/0.-Cover.jpg\",\"contentUrl\":\"https:\/\/bykusnews.com\/en\/wp-content\/uploads\/sites\/2\/2025\/02\/0.-Cover.jpg\",\"width\":700,\"height\":400},{\"@type\":\"BreadcrumbList\",\"@id\":\"https:\/\/bykusnews.com\/en\/saint-brigid-of-kildare\/#breadcrumb\",\"itemListElement\":[{\"@type\":\"ListItem\",\"position\":1,\"name\":\"Anasayfa\",\"item\":\"https:\/\/bykusnews.com\/en\/\"},{\"@type\":\"ListItem\",\"position\":2,\"name\":\"\ud83c\udf40 Saint Brigid of Kildare\"}]},{\"@type\":\"WebSite\",\"@id\":\"https:\/\/bykusnews.com\/en\/#website\",\"url\":\"https:\/\/bykusnews.com\/en\/\",\"name\":\"ByKusNews\",\"description\":\"History, Philosophy &amp; News Blog\",\"potentialAction\":[{\"@type\":\"SearchAction\",\"target\":{\"@type\":\"EntryPoint\",\"urlTemplate\":\"https:\/\/bykusnews.com\/en\/?s={search_term_string}\"},\"query-input\":{\"@type\":\"PropertyValueSpecification\",\"valueRequired\":true,\"valueName\":\"search_term_string\"}}],\"inLanguage\":\"en-US\"},{\"@type\":\"Person\",\"@id\":\"https:\/\/bykusnews.com\/en\/#\/schema\/person\/a833001fbaf834e24ebf72202f7f1d27\",\"name\":\"Dr. G\u00f6kmen G\u00fcnay\",\"image\":{\"@type\":\"ImageObject\",\"inLanguage\":\"en-US\",\"@id\":\"https:\/\/bykusnews.com\/en\/#\/schema\/person\/image\/\",\"url\":\"https:\/\/secure.gravatar.com\/avatar\/f18c9569fde31c45d3ea2c3604c7e062d676309c081348ccf0a83a896ca0f2be?s=96&d=mm&r=g\",\"contentUrl\":\"https:\/\/secure.gravatar.com\/avatar\/f18c9569fde31c45d3ea2c3604c7e062d676309c081348ccf0a83a896ca0f2be?s=96&d=mm&r=g\",\"caption\":\"Dr. G\u00f6kmen G\u00fcnay\"},\"url\":\"https:\/\/bykusnews.com\/en\/author\/bykusnewstr\/\"}]}<\/script>\n<!-- \/ Yoast SEO plugin. -->","yoast_head_json":{"title":"\ud83c\udf40 Saint Brigid of Kildare - ByKusNews","description":"Explore the life of Saint Brigid of Kildare, Ireland's beloved patron saint who bridged Celtic and Christian traditions through miracles, wisdom, and compassion.","robots":{"index":"index","follow":"follow","max-snippet":"max-snippet:-1","max-image-preview":"max-image-preview:large","max-video-preview":"max-video-preview:-1"},"canonical":"https:\/\/bykusnews.com\/en\/saint-brigid-of-kildare\/","og_locale":"en_US","og_type":"article","og_title":"\ud83c\udf40 Saint Brigid of Kildare - ByKusNews","og_description":"Explore the life of Saint Brigid of Kildare, Ireland's beloved patron saint who bridged Celtic and Christian traditions through miracles, wisdom, and compassion.","og_url":"https:\/\/bykusnews.com\/en\/saint-brigid-of-kildare\/","og_site_name":"ByKusNews","article_published_time":"2025-02-01T21:07:40+00:00","article_modified_time":"2025-08-28T11:18:24+00:00","og_image":[{"width":700,"height":400,"url":"https:\/\/bykusnews.com\/en\/wp-content\/uploads\/sites\/2\/2025\/02\/0.-Cover.jpg","type":"image\/jpeg"}],"author":"Dr. G\u00f6kmen G\u00fcnay","twitter_card":"summary_large_image","twitter_misc":{"Written by":"Dr. G\u00f6kmen G\u00fcnay","Est. reading time":"4 minutes"},"schema":{"@context":"https:\/\/schema.org","@graph":[{"@type":"WebPage","@id":"https:\/\/bykusnews.com\/en\/saint-brigid-of-kildare\/","url":"https:\/\/bykusnews.com\/en\/saint-brigid-of-kildare\/","name":"\ud83c\udf40 Saint Brigid of Kildare - ByKusNews","isPartOf":{"@id":"https:\/\/bykusnews.com\/en\/#website"},"primaryImageOfPage":{"@id":"https:\/\/bykusnews.com\/en\/saint-brigid-of-kildare\/#primaryimage"},"image":{"@id":"https:\/\/bykusnews.com\/en\/saint-brigid-of-kildare\/#primaryimage"},"thumbnailUrl":"https:\/\/bykusnews.com\/en\/wp-content\/uploads\/sites\/2\/2025\/02\/0.-Cover.jpg","datePublished":"2025-02-01T21:07:40+00:00","dateModified":"2025-08-28T11:18:24+00:00","author":{"@id":"https:\/\/bykusnews.com\/en\/#\/schema\/person\/a833001fbaf834e24ebf72202f7f1d27"},"description":"Explore the life of Saint Brigid of Kildare, Ireland's beloved patron saint who bridged Celtic and Christian traditions through miracles, wisdom, and compassion.","breadcrumb":{"@id":"https:\/\/bykusnews.com\/en\/saint-brigid-of-kildare\/#breadcrumb"},"inLanguage":"en-US","potentialAction":[{"@type":"ReadAction","target":["https:\/\/bykusnews.com\/en\/saint-brigid-of-kildare\/"]}]},{"@type":"ImageObject","inLanguage":"en-US","@id":"https:\/\/bykusnews.com\/en\/saint-brigid-of-kildare\/#primaryimage","url":"https:\/\/bykusnews.com\/en\/wp-content\/uploads\/sites\/2\/2025\/02\/0.-Cover.jpg","contentUrl":"https:\/\/bykusnews.com\/en\/wp-content\/uploads\/sites\/2\/2025\/02\/0.-Cover.jpg","width":700,"height":400},{"@type":"BreadcrumbList","@id":"https:\/\/bykusnews.com\/en\/saint-brigid-of-kildare\/#breadcrumb","itemListElement":[{"@type":"ListItem","position":1,"name":"Anasayfa","item":"https:\/\/bykusnews.com\/en\/"},{"@type":"ListItem","position":2,"name":"\ud83c\udf40 Saint Brigid of Kildare"}]},{"@type":"WebSite","@id":"https:\/\/bykusnews.com\/en\/#website","url":"https:\/\/bykusnews.com\/en\/","name":"ByKusNews","description":"History, Philosophy &amp; News Blog","potentialAction":[{"@type":"SearchAction","target":{"@type":"EntryPoint","urlTemplate":"https:\/\/bykusnews.com\/en\/?s={search_term_string}"},"query-input":{"@type":"PropertyValueSpecification","valueRequired":true,"valueName":"search_term_string"}}],"inLanguage":"en-US"},{"@type":"Person","@id":"https:\/\/bykusnews.com\/en\/#\/schema\/person\/a833001fbaf834e24ebf72202f7f1d27","name":"Dr. G\u00f6kmen G\u00fcnay","image":{"@type":"ImageObject","inLanguage":"en-US","@id":"https:\/\/bykusnews.com\/en\/#\/schema\/person\/image\/","url":"https:\/\/secure.gravatar.com\/avatar\/f18c9569fde31c45d3ea2c3604c7e062d676309c081348ccf0a83a896ca0f2be?s=96&d=mm&r=g","contentUrl":"https:\/\/secure.gravatar.com\/avatar\/f18c9569fde31c45d3ea2c3604c7e062d676309c081348ccf0a83a896ca0f2be?s=96&d=mm&r=g","caption":"Dr. G\u00f6kmen G\u00fcnay"},"url":"https:\/\/bykusnews.com\/en\/author\/bykusnewstr\/"}]}},"views":301,"_links":{"self":[{"href":"https:\/\/bykusnews.com\/en\/wp-json\/wp\/v2\/posts\/694","targetHints":{"allow":["GET"]}}],"collection":[{"href":"https:\/\/bykusnews.com\/en\/wp-json\/wp\/v2\/posts"}],"about":[{"href":"https:\/\/bykusnews.com\/en\/wp-json\/wp\/v2\/types\/post"}],"author":[{"embeddable":true,"href":"https:\/\/bykusnews.com\/en\/wp-json\/wp\/v2\/users\/1"}],"replies":[{"embeddable":true,"href":"https:\/\/bykusnews.com\/en\/wp-json\/wp\/v2\/comments?post=694"}],"version-history":[{"count":4,"href":"https:\/\/bykusnews.com\/en\/wp-json\/wp\/v2\/posts\/694\/revisions"}],"predecessor-version":[{"id":934,"href":"https:\/\/bykusnews.com\/en\/wp-json\/wp\/v2\/posts\/694\/revisions\/934"}],"wp:featuredmedia":[{"embeddable":true,"href":"https:\/\/bykusnews.com\/en\/wp-json\/wp\/v2\/media\/688"}],"wp:attachment":[{"href":"https:\/\/bykusnews.com\/en\/wp-json\/wp\/v2\/media?parent=694"}],"wp:term":[{"taxonomy":"category","embeddable":true,"href":"https:\/\/bykusnews.com\/en\/wp-json\/wp\/v2\/categories?post=694"},{"taxonomy":"post_tag","embeddable":true,"href":"https:\/\/bykusnews.com\/en\/wp-json\/wp\/v2\/tags?post=694"}],"curies":[{"name":"wp","href":"https:\/\/api.w.org\/{rel}","templated":true}]}}