{"id":598,"date":"2024-10-30T16:46:39","date_gmt":"2024-10-30T20:46:39","guid":{"rendered":"https:\/\/bykusnews.com\/en\/?p=598"},"modified":"2025-08-28T18:52:01","modified_gmt":"2025-08-28T22:52:01","slug":"victory-and-boycott-rodri-wins-the-2024-ballon-dor","status":"publish","type":"post","link":"https:\/\/bykusnews.com\/en\/victory-and-boycott-rodri-wins-the-2024-ballon-dor\/","title":{"rendered":"Victory and Boycott: Rodri wins the 2024 Ballon d&#8217;Or"},"content":{"rendered":"<p style=\"text-align: justify;\">The 2024 Ballon d&#8217;Or award ceremony took place at Paris&#8217; Th\u00e9\u00e2tre du Ch\u00e2telet, one of the prestigious events in the French football world. However, this year&#8217;s ceremony has caused widespread repercussions in the football community with unexpected results and a boycott by Real Madrid. Rodri, a midfielder for Manchester City and the Spanish national team, was awarded the 2024 Ballon d&#8217;Or. Real Madrid decided to boycott the ceremony after Rodri was awarded the prize instead of Vinicius Jr. who was considered a shoo-in.<\/p>\n<figure id=\"attachment_591\" aria-describedby=\"caption-attachment-591\" style=\"width: 450px\" class=\"wp-caption aligncenter\"><img fetchpriority=\"high\" decoding=\"async\" class=\"wp-image-591\" src=\"https:\/\/bykusnews.com\/en\/wp-content\/uploads\/sites\/2\/2024\/10\/1.Ballon_d_Or.jpg\" alt=\"\" width=\"450\" height=\"300\" srcset=\"https:\/\/bykusnews.com\/en\/wp-content\/uploads\/sites\/2\/2024\/10\/1.Ballon_d_Or.jpg 940w, https:\/\/bykusnews.com\/en\/wp-content\/uploads\/sites\/2\/2024\/10\/1.Ballon_d_Or-300x200.jpg 300w, https:\/\/bykusnews.com\/en\/wp-content\/uploads\/sites\/2\/2024\/10\/1.Ballon_d_Or-768x511.jpg 768w, https:\/\/bykusnews.com\/en\/wp-content\/uploads\/sites\/2\/2024\/10\/1.Ballon_d_Or-750x499.jpg 750w\" sizes=\"(max-width: 450px) 100vw, 450px\" \/><figcaption id=\"caption-attachment-591\" class=\"wp-caption-text\">NTVSpor*<\/figcaption><\/figure>\n<h2 style=\"text-align: center;\"><strong>The Rise of Rodri<\/strong><\/h2>\n<p style=\"text-align: justify;\">In the 2023\/24 season, Rodri drew attention with his outstanding performances at both club and national team level. Rodri won his fourth consecutive Premier League title with Manchester City and played a key role in the team&#8217;s success. In the same period, he also made important contributions to Spain&#8217;s championship at EURO 2024 in Germany. UEFA recognized Rodri as the Best Player of EURO 2024. Rodri, 28, is the first Spanish footballer to win the Ballon d&#8217;Or since Luis Suarez Miramontes in 1960. Leading sports news websites such as Goal.com and UEFA.com have highlighted Rodri&#8217;s consistent performances and the value he brings to the team.<\/p>\n<h3 style=\"text-align: center;\"><strong>The Road to Victory<\/strong><\/h3>\n<figure id=\"attachment_592\" aria-describedby=\"caption-attachment-592\" style=\"width: 450px\" class=\"wp-caption aligncenter\"><img decoding=\"async\" class=\"wp-image-592\" src=\"https:\/\/bykusnews.com\/en\/wp-content\/uploads\/sites\/2\/2024\/10\/2.Rodri_Spain.webp\" alt=\"\" width=\"450\" height=\"300\" srcset=\"https:\/\/bykusnews.com\/en\/wp-content\/uploads\/sites\/2\/2024\/10\/2.Rodri_Spain.webp 1600w, https:\/\/bykusnews.com\/en\/wp-content\/uploads\/sites\/2\/2024\/10\/2.Rodri_Spain-300x200.webp 300w, https:\/\/bykusnews.com\/en\/wp-content\/uploads\/sites\/2\/2024\/10\/2.Rodri_Spain-1024x683.webp 1024w, https:\/\/bykusnews.com\/en\/wp-content\/uploads\/sites\/2\/2024\/10\/2.Rodri_Spain-768x512.webp 768w, https:\/\/bykusnews.com\/en\/wp-content\/uploads\/sites\/2\/2024\/10\/2.Rodri_Spain-1536x1024.webp 1536w, https:\/\/bykusnews.com\/en\/wp-content\/uploads\/sites\/2\/2024\/10\/2.Rodri_Spain-750x500.webp 750w, https:\/\/bykusnews.com\/en\/wp-content\/uploads\/sites\/2\/2024\/10\/2.Rodri_Spain-1140x760.webp 1140w\" sizes=\"(max-width: 450px) 100vw, 450px\" \/><figcaption id=\"caption-attachment-592\" class=\"wp-caption-text\">Rodri &#8211; FMT*<\/figcaption><\/figure>\n<ul style=\"text-align: justify;\">\n<li>Four consecutive Premier League titles with Manchester City<\/li>\n<li>EURO 2024 triumph with the Spanish national team<\/li>\n<li>Named the Best Player of EURO 2024<\/li>\n<\/ul>\n<h2 style=\"text-align: center;\"><strong>Real Madrid&#8217;s Boycott and Reactions<\/strong><\/h2>\n<p style=\"text-align: justify;\"><img decoding=\"async\" class=\"aligncenter wp-image-593\" src=\"https:\/\/bykusnews.com\/en\/wp-content\/uploads\/sites\/2\/2024\/10\/3.Real_Madrid.png\" alt=\"\" width=\"250\" height=\"336\" srcset=\"https:\/\/bykusnews.com\/en\/wp-content\/uploads\/sites\/2\/2024\/10\/3.Real_Madrid.png 1524w, https:\/\/bykusnews.com\/en\/wp-content\/uploads\/sites\/2\/2024\/10\/3.Real_Madrid-223x300.png 223w, https:\/\/bykusnews.com\/en\/wp-content\/uploads\/sites\/2\/2024\/10\/3.Real_Madrid-762x1024.png 762w, https:\/\/bykusnews.com\/en\/wp-content\/uploads\/sites\/2\/2024\/10\/3.Real_Madrid-768x1032.png 768w, https:\/\/bykusnews.com\/en\/wp-content\/uploads\/sites\/2\/2024\/10\/3.Real_Madrid-1143x1536.png 1143w, https:\/\/bykusnews.com\/en\/wp-content\/uploads\/sites\/2\/2024\/10\/3.Real_Madrid-750x1008.png 750w, https:\/\/bykusnews.com\/en\/wp-content\/uploads\/sites\/2\/2024\/10\/3.Real_Madrid-1140x1532.png 1140w\" sizes=\"(max-width: 250px) 100vw, 250px\" \/><\/p>\n<p style=\"text-align: justify;\">Rodri&#8217;s Ballon d&#8217;Or win was a big disappointment for Real Madrid. After the club&#8217;s star Vinicius Jr. failed to win the award, Real Madrid reacted by not attending the ceremony. Real Madrid criticized the transparency of the voting process conducted by France Football and decided to boycott it. Club officials described the decision as disrespectful, while La Liga President Javier Tebas also harshly criticized Real Madrid.<\/p>\n<figure id=\"attachment_594\" aria-describedby=\"caption-attachment-594\" style=\"width: 450px\" class=\"wp-caption aligncenter\"><img loading=\"lazy\" decoding=\"async\" class=\"wp-image-594\" src=\"https:\/\/bykusnews.com\/en\/wp-content\/uploads\/sites\/2\/2024\/10\/4.Vini_Jr.webp\" alt=\"\" width=\"450\" height=\"281\" srcset=\"https:\/\/bykusnews.com\/en\/wp-content\/uploads\/sites\/2\/2024\/10\/4.Vini_Jr.webp 1600w, https:\/\/bykusnews.com\/en\/wp-content\/uploads\/sites\/2\/2024\/10\/4.Vini_Jr-300x188.webp 300w, https:\/\/bykusnews.com\/en\/wp-content\/uploads\/sites\/2\/2024\/10\/4.Vini_Jr-1024x640.webp 1024w, https:\/\/bykusnews.com\/en\/wp-content\/uploads\/sites\/2\/2024\/10\/4.Vini_Jr-768x480.webp 768w, https:\/\/bykusnews.com\/en\/wp-content\/uploads\/sites\/2\/2024\/10\/4.Vini_Jr-1536x960.webp 1536w, https:\/\/bykusnews.com\/en\/wp-content\/uploads\/sites\/2\/2024\/10\/4.Vini_Jr-750x469.webp 750w, https:\/\/bykusnews.com\/en\/wp-content\/uploads\/sites\/2\/2024\/10\/4.Vini_Jr-1140x713.webp 1140w\" sizes=\"(max-width: 450px) 100vw, 450px\" \/><figcaption id=\"caption-attachment-594\" class=\"wp-caption-text\">Vini Jr. &#8211; FMT*<\/figcaption><\/figure>\n<ul style=\"text-align: justify;\">\n<li>Vinicius Jr. said on his social media account, \u201cI will do 10 times more if necessary. They are not ready.\u201d He gave a strong message.<\/li>\n<li>Coach Carlo Ancelotti did not attend the ceremony despite receiving the \u201cCoach of the Year\u201d award.<\/li>\n<li>Javier Tebas called Real Madrid&#8217;s boycott \u201cclasslessness\u201d and a \u201cvictim complex\u201d.<\/li>\n<\/ul>\n<h2 style=\"text-align: center;\"><strong>Other Awards and Winners<\/strong><\/h2>\n<figure id=\"attachment_595\" aria-describedby=\"caption-attachment-595\" style=\"width: 450px\" class=\"wp-caption aligncenter\"><img loading=\"lazy\" decoding=\"async\" class=\"wp-image-595\" src=\"https:\/\/bykusnews.com\/en\/wp-content\/uploads\/sites\/2\/2024\/10\/5.Lamine_Yamal.webp\" alt=\"\" width=\"450\" height=\"300\" srcset=\"https:\/\/bykusnews.com\/en\/wp-content\/uploads\/sites\/2\/2024\/10\/5.Lamine_Yamal.webp 1600w, https:\/\/bykusnews.com\/en\/wp-content\/uploads\/sites\/2\/2024\/10\/5.Lamine_Yamal-300x200.webp 300w, https:\/\/bykusnews.com\/en\/wp-content\/uploads\/sites\/2\/2024\/10\/5.Lamine_Yamal-1024x682.webp 1024w, https:\/\/bykusnews.com\/en\/wp-content\/uploads\/sites\/2\/2024\/10\/5.Lamine_Yamal-768x512.webp 768w, https:\/\/bykusnews.com\/en\/wp-content\/uploads\/sites\/2\/2024\/10\/5.Lamine_Yamal-1536x1023.webp 1536w, https:\/\/bykusnews.com\/en\/wp-content\/uploads\/sites\/2\/2024\/10\/5.Lamine_Yamal-750x500.webp 750w, https:\/\/bykusnews.com\/en\/wp-content\/uploads\/sites\/2\/2024\/10\/5.Lamine_Yamal-1140x760.webp 1140w\" sizes=\"(max-width: 450px) 100vw, 450px\" \/><figcaption id=\"caption-attachment-595\" class=\"wp-caption-text\">Lamine Yamal &#8211; FMT*<\/figcaption><\/figure>\n<p style=\"text-align: justify;\">The Ballon d&#8217;Or award ceremony was not limited to Rodri&#8217;s victory. The women&#8217;s Ballon d&#8217;Or was won by Barcelona&#8217;s Aitana Bonmati. The Kopa Trophy went to Barcelona&#8217;s Lamine Yamal. The Yashin Trophy went to Emiliano Martinez of Aston Villa. The Gerd M\u00fcller Trophy was shared by Harry Kane (Bayern Munich) and Kylian Mbappe (PSG\/Real Madrid).<\/p>\n<figure id=\"attachment_596\" aria-describedby=\"caption-attachment-596\" style=\"width: 450px\" class=\"wp-caption aligncenter\"><img loading=\"lazy\" decoding=\"async\" class=\"wp-image-596\" src=\"https:\/\/bykusnews.com\/en\/wp-content\/uploads\/sites\/2\/2024\/10\/6.Aitana_Bonmati.webp\" alt=\"\" width=\"450\" height=\"264\" srcset=\"https:\/\/bykusnews.com\/en\/wp-content\/uploads\/sites\/2\/2024\/10\/6.Aitana_Bonmati.webp 1260w, https:\/\/bykusnews.com\/en\/wp-content\/uploads\/sites\/2\/2024\/10\/6.Aitana_Bonmati-300x176.webp 300w, https:\/\/bykusnews.com\/en\/wp-content\/uploads\/sites\/2\/2024\/10\/6.Aitana_Bonmati-1024x601.webp 1024w, https:\/\/bykusnews.com\/en\/wp-content\/uploads\/sites\/2\/2024\/10\/6.Aitana_Bonmati-768x451.webp 768w, https:\/\/bykusnews.com\/en\/wp-content\/uploads\/sites\/2\/2024\/10\/6.Aitana_Bonmati-750x440.webp 750w, https:\/\/bykusnews.com\/en\/wp-content\/uploads\/sites\/2\/2024\/10\/6.Aitana_Bonmati-1140x670.webp 1140w\" sizes=\"(max-width: 450px) 100vw, 450px\" \/><figcaption id=\"caption-attachment-596\" class=\"wp-caption-text\">Aitana Bonmati &#8211; Antena2*<\/figcaption><\/figure>\n<ul style=\"text-align: justify;\">\n<li>Women&#8217;s Ballon d&#8217;Or: <strong>Aitana Bonmati<\/strong> (Barcelona)<\/li>\n<li>Kopa Trophy: <strong>Lamine Yamal<\/strong> (Barcelona)<\/li>\n<li>Yashin Trophy: <strong>Emiliano Martinez<\/strong> (Aston Villa)<\/li>\n<li>Gerd M\u00fcller Trophy: <strong>Harry Kane<\/strong> (Bayern Munich) and <strong>Kylian Mbappe<\/strong> (PSG\/Real Madrid)<\/li>\n<li>Club of the Year (Men): <strong>Real Madrid<\/strong><\/li>\n<li>Club of the Year (Women): <strong>Barcelona<\/strong><\/li>\n<li>Technical Director of the Year (Men): <strong>Carlo Ancelotti<\/strong> (Real Madrid)<\/li>\n<li>Coach of the Year (Women): <strong>Emma Hayes<\/strong> (Chelsea\/USA)<\/li>\n<\/ul>\n<p style=\"text-align: justify;\">Rodri&#8217;s triumph in the Ballon d&#8217;Or awards indicates that non-attacking players can also win this prestigious award. However, Real Madrid&#8217;s boycott overshadowed the ceremony. Although protested by Real Madrid, the Ballon d&#8217;Or awards are clearly dominated by Spanish football and its players. The 2024 Ballon d&#8217;Or award ceremony will likely go down in football history for Rodri&#8217;s personal success and Real Madrid&#8217;s boycott.<\/p>\n<p style=\"text-align: justify;\"><strong>*Photos: <\/strong><a href=\"https:\/\/www.freemalaysiatoday.com\" target=\"_blank\" rel=\"noopener\">FMT<\/a> &#8211; <a href=\"https:\/\/www.ntvspor.net\/\" target=\"_blank\" rel=\"noopener\">NTV<\/a> &#8211; <a href=\"https:\/\/www.antena2.com\/\" target=\"_blank\" rel=\"noopener\">Antena2<\/a><\/p>\n","protected":false},"excerpt":{"rendered":"<p>The 2024 Ballon d&#8217;Or award ceremony took place at Paris&#8217; Th\u00e9\u00e2tre du Ch\u00e2telet, one of the prestigious events in the French football world. However, this year&#8217;s ceremony has caused widespread repercussions in the football community with unexpected results and a boycott by Real Madrid. Rodri, a midfielder for Manchester City and the Spanish national team, [&hellip;]<\/p>\n","protected":false},"author":1,"featured_media":597,"comment_status":"open","ping_status":"open","sticky":false,"template":"elementor_theme","format":"standard","meta":{"jnews-multi-image_gallery":[],"jnews_single_post":{"format":"standard","override":[{"template":"1","parallax":"1","fullscreen":"1","layout":"right-sidebar","sidebar":"default-sidebar","second_sidebar":"default-sidebar","sticky_sidebar":"1","share_position":"bottom","share_float_style":"share-monocrhome","show_share_counter":"1","show_view_counter":"1","show_featured":"1","show_post_meta":"1","show_post_author":"1","show_post_author_image":"1","show_post_date":"1","post_date_format":"default","post_date_format_custom":"Y\/m\/d","show_post_category":"1","show_post_reading_time":"1","post_reading_time_wpm":"300","post_calculate_word_method":"str_word_count","show_zoom_button":"1","zoom_button_out_step":"2","zoom_button_in_step":"3","show_post_tag":"1","number_popup_post":"1","show_author_box":"1","show_post_related":"0","show_inline_post_related":"0"}],"image_override":[{"single_post_thumbnail_size":"crop-500","single_post_gallery_size":"crop-500"}],"trending_post_position":"meta","trending_post_label":"Trending","sponsored_post_label":"Sponsored by","disable_ad":"0","override_template":"1","subtitle":""},"jnews_primary_category":{"id":"58","hide":"51"},"jnews_social_meta":{"fb_description":"Rodri's triumph at the 2024 Ballon d'Or and Real Madrid's boycott shook the football world. Discover the key moments and reactions from the prestigious awards ceremony.","twitter_description":"Rodri's triumph at the 2024 Ballon d'Or and Real Madrid's boycott shook the football world. Discover the key moments and reactions from the prestigious awards ceremony.","twitter_title":"Victory and Boycott: Rodri wins the 2024 Ballon d'Or","twitter_image":"597","fb_title":"Victory and Boycott: Rodri wins the 2024 Ballon d'Or","fb_image":"597"},"jnews_review":[],"enable_review":"","type":"percentage","name":"","summary":"","brand":"","sku":"","good":[],"bad":[],"score_override":"","override_value":"","rating":[],"price":[],"jnews_override_counter":{"view_counter_number":"0","share_counter_number":"0","like_counter_number":"0","dislike_counter_number":"0"},"jnews_post_split":{"post_split":[{"template":"1","tag":"h2","numbering":"asc","mode":"normal","first":"0","enable_toc":"0","toc_type":"normal"}]},"footnotes":""},"categories":[55],"tags":[143,147,148,149,146,144,142,145],"class_list":["post-598","post","type-post","status-publish","format-standard","has-post-thumbnail","hentry","category-world","tag-ballon-dor","tag-euro-2024","tag-football-awards","tag-france-football","tag-manchester-city","tag-real-madrid","tag-rodri","tag-vinicius-jr"],"yoast_head":"<!-- This site is optimized with the Yoast SEO plugin v26.6 - https:\/\/yoast.com\/wordpress\/plugins\/seo\/ -->\n<title>Victory and Boycott: Rodri wins the 2024 Ballon d&#039;Or - ByKusNews<\/title>\n<meta name=\"description\" content=\"Rodri&#039;s triumph at the 2024 Ballon d&#039;Or and Real Madrid&#039;s boycott shook the football world. Discover the key moments and reactions from the prestigious awards ceremony.\" \/>\n<meta name=\"robots\" content=\"index, follow, max-snippet:-1, max-image-preview:large, max-video-preview:-1\" \/>\n<link rel=\"canonical\" href=\"https:\/\/bykusnews.com\/en\/victory-and-boycott-rodri-wins-the-2024-ballon-dor\/\" \/>\n<meta property=\"og:locale\" content=\"en_US\" \/>\n<meta property=\"og:type\" content=\"article\" \/>\n<meta property=\"og:title\" content=\"Victory and Boycott: Rodri wins the 2024 Ballon d&#039;Or - ByKusNews\" \/>\n<meta property=\"og:description\" content=\"Rodri&#039;s triumph at the 2024 Ballon d&#039;Or and Real Madrid&#039;s boycott shook the football world. Discover the key moments and reactions from the prestigious awards ceremony.\" \/>\n<meta property=\"og:url\" content=\"https:\/\/bykusnews.com\/en\/victory-and-boycott-rodri-wins-the-2024-ballon-dor\/\" \/>\n<meta property=\"og:site_name\" content=\"ByKusNews\" \/>\n<meta property=\"article:published_time\" content=\"2024-10-30T20:46:39+00:00\" \/>\n<meta property=\"article:modified_time\" content=\"2025-08-28T22:52:01+00:00\" \/>\n<meta property=\"og:image\" content=\"https:\/\/bykusnews.com\/en\/wp-content\/uploads\/sites\/2\/2024\/10\/Cover_Rodri.webp\" \/>\n\t<meta property=\"og:image:width\" content=\"1600\" \/>\n\t<meta property=\"og:image:height\" content=\"1000\" \/>\n\t<meta property=\"og:image:type\" content=\"image\/webp\" \/>\n<meta name=\"author\" content=\"Dr. G\u00f6kmen G\u00fcnay\" \/>\n<meta name=\"twitter:card\" content=\"summary_large_image\" \/>\n<meta name=\"twitter:label1\" content=\"Written by\" \/>\n\t<meta name=\"twitter:data1\" content=\"Dr. G\u00f6kmen G\u00fcnay\" \/>\n\t<meta name=\"twitter:label2\" content=\"Est. reading time\" \/>\n\t<meta name=\"twitter:data2\" content=\"4 minutes\" \/>\n<script type=\"application\/ld+json\" class=\"yoast-schema-graph\">{\"@context\":\"https:\/\/schema.org\",\"@graph\":[{\"@type\":\"WebPage\",\"@id\":\"https:\/\/bykusnews.com\/en\/victory-and-boycott-rodri-wins-the-2024-ballon-dor\/\",\"url\":\"https:\/\/bykusnews.com\/en\/victory-and-boycott-rodri-wins-the-2024-ballon-dor\/\",\"name\":\"Victory and Boycott: Rodri wins the 2024 Ballon d'Or - ByKusNews\",\"isPartOf\":{\"@id\":\"https:\/\/bykusnews.com\/en\/#website\"},\"primaryImageOfPage\":{\"@id\":\"https:\/\/bykusnews.com\/en\/victory-and-boycott-rodri-wins-the-2024-ballon-dor\/#primaryimage\"},\"image\":{\"@id\":\"https:\/\/bykusnews.com\/en\/victory-and-boycott-rodri-wins-the-2024-ballon-dor\/#primaryimage\"},\"thumbnailUrl\":\"https:\/\/bykusnews.com\/en\/wp-content\/uploads\/sites\/2\/2024\/10\/Cover_Rodri.webp\",\"datePublished\":\"2024-10-30T20:46:39+00:00\",\"dateModified\":\"2025-08-28T22:52:01+00:00\",\"author\":{\"@id\":\"https:\/\/bykusnews.com\/en\/#\/schema\/person\/a833001fbaf834e24ebf72202f7f1d27\"},\"description\":\"Rodri's triumph at the 2024 Ballon d'Or and Real Madrid's boycott shook the football world. Discover the key moments and reactions from the prestigious awards ceremony.\",\"breadcrumb\":{\"@id\":\"https:\/\/bykusnews.com\/en\/victory-and-boycott-rodri-wins-the-2024-ballon-dor\/#breadcrumb\"},\"inLanguage\":\"en-US\",\"potentialAction\":[{\"@type\":\"ReadAction\",\"target\":[\"https:\/\/bykusnews.com\/en\/victory-and-boycott-rodri-wins-the-2024-ballon-dor\/\"]}]},{\"@type\":\"ImageObject\",\"inLanguage\":\"en-US\",\"@id\":\"https:\/\/bykusnews.com\/en\/victory-and-boycott-rodri-wins-the-2024-ballon-dor\/#primaryimage\",\"url\":\"https:\/\/bykusnews.com\/en\/wp-content\/uploads\/sites\/2\/2024\/10\/Cover_Rodri.webp\",\"contentUrl\":\"https:\/\/bykusnews.com\/en\/wp-content\/uploads\/sites\/2\/2024\/10\/Cover_Rodri.webp\",\"width\":1600,\"height\":1000,\"caption\":\"FMT*\"},{\"@type\":\"BreadcrumbList\",\"@id\":\"https:\/\/bykusnews.com\/en\/victory-and-boycott-rodri-wins-the-2024-ballon-dor\/#breadcrumb\",\"itemListElement\":[{\"@type\":\"ListItem\",\"position\":1,\"name\":\"Anasayfa\",\"item\":\"https:\/\/bykusnews.com\/en\/\"},{\"@type\":\"ListItem\",\"position\":2,\"name\":\"Victory and Boycott: Rodri wins the 2024 Ballon d&#8217;Or\"}]},{\"@type\":\"WebSite\",\"@id\":\"https:\/\/bykusnews.com\/en\/#website\",\"url\":\"https:\/\/bykusnews.com\/en\/\",\"name\":\"ByKusNews\",\"description\":\"History, Philosophy &amp; News Blog\",\"potentialAction\":[{\"@type\":\"SearchAction\",\"target\":{\"@type\":\"EntryPoint\",\"urlTemplate\":\"https:\/\/bykusnews.com\/en\/?s={search_term_string}\"},\"query-input\":{\"@type\":\"PropertyValueSpecification\",\"valueRequired\":true,\"valueName\":\"search_term_string\"}}],\"inLanguage\":\"en-US\"},{\"@type\":\"Person\",\"@id\":\"https:\/\/bykusnews.com\/en\/#\/schema\/person\/a833001fbaf834e24ebf72202f7f1d27\",\"name\":\"Dr. G\u00f6kmen G\u00fcnay\",\"image\":{\"@type\":\"ImageObject\",\"inLanguage\":\"en-US\",\"@id\":\"https:\/\/bykusnews.com\/en\/#\/schema\/person\/image\/\",\"url\":\"https:\/\/secure.gravatar.com\/avatar\/f18c9569fde31c45d3ea2c3604c7e062d676309c081348ccf0a83a896ca0f2be?s=96&d=mm&r=g\",\"contentUrl\":\"https:\/\/secure.gravatar.com\/avatar\/f18c9569fde31c45d3ea2c3604c7e062d676309c081348ccf0a83a896ca0f2be?s=96&d=mm&r=g\",\"caption\":\"Dr. G\u00f6kmen G\u00fcnay\"},\"url\":\"https:\/\/bykusnews.com\/en\/author\/bykusnewstr\/\"}]}<\/script>\n<!-- \/ Yoast SEO plugin. -->","yoast_head_json":{"title":"Victory and Boycott: Rodri wins the 2024 Ballon d'Or - ByKusNews","description":"Rodri's triumph at the 2024 Ballon d'Or and Real Madrid's boycott shook the football world. Discover the key moments and reactions from the prestigious awards ceremony.","robots":{"index":"index","follow":"follow","max-snippet":"max-snippet:-1","max-image-preview":"max-image-preview:large","max-video-preview":"max-video-preview:-1"},"canonical":"https:\/\/bykusnews.com\/en\/victory-and-boycott-rodri-wins-the-2024-ballon-dor\/","og_locale":"en_US","og_type":"article","og_title":"Victory and Boycott: Rodri wins the 2024 Ballon d'Or - ByKusNews","og_description":"Rodri's triumph at the 2024 Ballon d'Or and Real Madrid's boycott shook the football world. Discover the key moments and reactions from the prestigious awards ceremony.","og_url":"https:\/\/bykusnews.com\/en\/victory-and-boycott-rodri-wins-the-2024-ballon-dor\/","og_site_name":"ByKusNews","article_published_time":"2024-10-30T20:46:39+00:00","article_modified_time":"2025-08-28T22:52:01+00:00","og_image":[{"width":1600,"height":1000,"url":"https:\/\/bykusnews.com\/en\/wp-content\/uploads\/sites\/2\/2024\/10\/Cover_Rodri.webp","type":"image\/webp"}],"author":"Dr. G\u00f6kmen G\u00fcnay","twitter_card":"summary_large_image","twitter_misc":{"Written by":"Dr. G\u00f6kmen G\u00fcnay","Est. reading time":"4 minutes"},"schema":{"@context":"https:\/\/schema.org","@graph":[{"@type":"WebPage","@id":"https:\/\/bykusnews.com\/en\/victory-and-boycott-rodri-wins-the-2024-ballon-dor\/","url":"https:\/\/bykusnews.com\/en\/victory-and-boycott-rodri-wins-the-2024-ballon-dor\/","name":"Victory and Boycott: Rodri wins the 2024 Ballon d'Or - ByKusNews","isPartOf":{"@id":"https:\/\/bykusnews.com\/en\/#website"},"primaryImageOfPage":{"@id":"https:\/\/bykusnews.com\/en\/victory-and-boycott-rodri-wins-the-2024-ballon-dor\/#primaryimage"},"image":{"@id":"https:\/\/bykusnews.com\/en\/victory-and-boycott-rodri-wins-the-2024-ballon-dor\/#primaryimage"},"thumbnailUrl":"https:\/\/bykusnews.com\/en\/wp-content\/uploads\/sites\/2\/2024\/10\/Cover_Rodri.webp","datePublished":"2024-10-30T20:46:39+00:00","dateModified":"2025-08-28T22:52:01+00:00","author":{"@id":"https:\/\/bykusnews.com\/en\/#\/schema\/person\/a833001fbaf834e24ebf72202f7f1d27"},"description":"Rodri's triumph at the 2024 Ballon d'Or and Real Madrid's boycott shook the football world. Discover the key moments and reactions from the prestigious awards ceremony.","breadcrumb":{"@id":"https:\/\/bykusnews.com\/en\/victory-and-boycott-rodri-wins-the-2024-ballon-dor\/#breadcrumb"},"inLanguage":"en-US","potentialAction":[{"@type":"ReadAction","target":["https:\/\/bykusnews.com\/en\/victory-and-boycott-rodri-wins-the-2024-ballon-dor\/"]}]},{"@type":"ImageObject","inLanguage":"en-US","@id":"https:\/\/bykusnews.com\/en\/victory-and-boycott-rodri-wins-the-2024-ballon-dor\/#primaryimage","url":"https:\/\/bykusnews.com\/en\/wp-content\/uploads\/sites\/2\/2024\/10\/Cover_Rodri.webp","contentUrl":"https:\/\/bykusnews.com\/en\/wp-content\/uploads\/sites\/2\/2024\/10\/Cover_Rodri.webp","width":1600,"height":1000,"caption":"FMT*"},{"@type":"BreadcrumbList","@id":"https:\/\/bykusnews.com\/en\/victory-and-boycott-rodri-wins-the-2024-ballon-dor\/#breadcrumb","itemListElement":[{"@type":"ListItem","position":1,"name":"Anasayfa","item":"https:\/\/bykusnews.com\/en\/"},{"@type":"ListItem","position":2,"name":"Victory and Boycott: Rodri wins the 2024 Ballon d&#8217;Or"}]},{"@type":"WebSite","@id":"https:\/\/bykusnews.com\/en\/#website","url":"https:\/\/bykusnews.com\/en\/","name":"ByKusNews","description":"History, Philosophy &amp; News Blog","potentialAction":[{"@type":"SearchAction","target":{"@type":"EntryPoint","urlTemplate":"https:\/\/bykusnews.com\/en\/?s={search_term_string}"},"query-input":{"@type":"PropertyValueSpecification","valueRequired":true,"valueName":"search_term_string"}}],"inLanguage":"en-US"},{"@type":"Person","@id":"https:\/\/bykusnews.com\/en\/#\/schema\/person\/a833001fbaf834e24ebf72202f7f1d27","name":"Dr. G\u00f6kmen G\u00fcnay","image":{"@type":"ImageObject","inLanguage":"en-US","@id":"https:\/\/bykusnews.com\/en\/#\/schema\/person\/image\/","url":"https:\/\/secure.gravatar.com\/avatar\/f18c9569fde31c45d3ea2c3604c7e062d676309c081348ccf0a83a896ca0f2be?s=96&d=mm&r=g","contentUrl":"https:\/\/secure.gravatar.com\/avatar\/f18c9569fde31c45d3ea2c3604c7e062d676309c081348ccf0a83a896ca0f2be?s=96&d=mm&r=g","caption":"Dr. G\u00f6kmen G\u00fcnay"},"url":"https:\/\/bykusnews.com\/en\/author\/bykusnewstr\/"}]}},"views":362,"_links":{"self":[{"href":"https:\/\/bykusnews.com\/en\/wp-json\/wp\/v2\/posts\/598","targetHints":{"allow":["GET"]}}],"collection":[{"href":"https:\/\/bykusnews.com\/en\/wp-json\/wp\/v2\/posts"}],"about":[{"href":"https:\/\/bykusnews.com\/en\/wp-json\/wp\/v2\/types\/post"}],"author":[{"embeddable":true,"href":"https:\/\/bykusnews.com\/en\/wp-json\/wp\/v2\/users\/1"}],"replies":[{"embeddable":true,"href":"https:\/\/bykusnews.com\/en\/wp-json\/wp\/v2\/comments?post=598"}],"version-history":[{"count":2,"href":"https:\/\/bykusnews.com\/en\/wp-json\/wp\/v2\/posts\/598\/revisions"}],"predecessor-version":[{"id":956,"href":"https:\/\/bykusnews.com\/en\/wp-json\/wp\/v2\/posts\/598\/revisions\/956"}],"wp:featuredmedia":[{"embeddable":true,"href":"https:\/\/bykusnews.com\/en\/wp-json\/wp\/v2\/media\/597"}],"wp:attachment":[{"href":"https:\/\/bykusnews.com\/en\/wp-json\/wp\/v2\/media?parent=598"}],"wp:term":[{"taxonomy":"category","embeddable":true,"href":"https:\/\/bykusnews.com\/en\/wp-json\/wp\/v2\/categories?post=598"},{"taxonomy":"post_tag","embeddable":true,"href":"https:\/\/bykusnews.com\/en\/wp-json\/wp\/v2\/tags?post=598"}],"curies":[{"name":"wp","href":"https:\/\/api.w.org\/{rel}","templated":true}]}}